{"id":628,"date":"2020-11-26T10:59:32","date_gmt":"2020-11-26T08:59:32","guid":{"rendered":"http:\/\/arbeitsinitiative-letschin.de\/?p=628"},"modified":"2024-03-20T11:54:50","modified_gmt":"2024-03-20T09:54:50","slug":"freie-stellen-im-bundesfreiwilligendienst-2021","status":"publish","type":"post","link":"http:\/\/arbeitsinitiative-letschin.de\/?p=628","title":{"rendered":"Freie Stellen im Bundesfreiwilligendienst 2024!"},"content":{"rendered":"<p>Wir suchen f\u00fcr den Bundesfreiwilligendienst <strong>Motivierte Mitarbeiter <\/strong>im <strong>Gr\u00fcnen Bereich<\/strong> f\u00fcr\u00a0folgende \u00c4mter und Gemeinden:<\/p>\n<ol>\n<li>Amt Lebus<\/li>\n<li>Amt Golzow<\/li>\n<li>Amt Seelow-Land<\/li>\n<li>Stadt Seelow<\/li>\n<li>Gemeinde Letschin<\/li>\n<li>Gemeinde Neutrebbin<\/li>\n<\/ol>\n<p>Au\u00dferdem haben wir noch freie Stellen:<\/p>\n<ul>\n<li>in der <strong>Seniorenbetreuung,<\/strong><\/li>\n<li>im <strong>sozialen Bereich,<\/strong><\/li>\n<li>in der<strong> Backscheune<\/strong> Buschdorf sowie<\/li>\n<li>im <strong>Klangzimmer<\/strong> Rathstock zu besetzen.<\/li>\n<\/ul>\n<p>Zielgruppen sind \u00dc27-j\u00e4hrige, ALG II- Empf\u00e4nger, Rentner oder Personen ohne weitere Eink\u00fcnfte.<\/p>\n<p><strong><em>Weitere Informationen erhalten Sie unter der Telefonnummer: 033475 50961. Wir beantworten gern Ihre Fragen in einem pers\u00f6nlichen Gespr\u00e4ch.<\/em><\/strong><\/p>\n\n\n<p><\/p>\n","protected":false},"excerpt":{"rendered":"<p>Wir suchen f\u00fcr den Bundesfreiwilligendienst Motivierte Mitarbeiter im Gr\u00fcnen Bereich f\u00fcr\u00a0folgende \u00c4mter und Gemeinden: Amt Lebus Amt Golzow Amt Seelow-Land Stadt Seelow Gemeinde Letschin Gemeinde Neutrebbin Au\u00dferdem haben wir noch&#8230; <a href=\"http:\/\/arbeitsinitiative-letschin.de\/?p=628\">Read more &raquo;<\/a><\/p>\n","protected":false},"author":3,"featured_media":0,"comment_status":"closed","ping_status":"closed","sticky":true,"template":"","format":"standard","meta":{"footnotes":""},"categories":[6],"tags":[11,13,12],"class_list":["post-628","post","type-post","status-publish","format-standard","hentry","category-ail-intern","tag-bfd","tag-bundesfreiwilligendienst","tag-stellenangebote"],"_links":{"self":[{"href":"http:\/\/arbeitsinitiative-letschin.de\/index.php?rest_route=\/wp\/v2\/posts\/628","targetHints":{"allow":["GET"]}}],"collection":[{"href":"http:\/\/arbeitsinitiative-letschin.de\/index.php?rest_route=\/wp\/v2\/posts"}],"about":[{"href":"http:\/\/arbeitsinitiative-letschin.de\/index.php?rest_route=\/wp\/v2\/types\/post"}],"author":[{"embeddable":true,"href":"http:\/\/arbeitsinitiative-letschin.de\/index.php?rest_route=\/wp\/v2\/users\/3"}],"replies":[{"embeddable":true,"href":"http:\/\/arbeitsinitiative-letschin.de\/index.php?rest_route=%2Fwp%2Fv2%2Fcomments&post=628"}],"version-history":[{"count":7,"href":"http:\/\/arbeitsinitiative-letschin.de\/index.php?rest_route=\/wp\/v2\/posts\/628\/revisions"}],"predecessor-version":[{"id":1138,"href":"http:\/\/arbeitsinitiative-letschin.de\/index.php?rest_route=\/wp\/v2\/posts\/628\/revisions\/1138"}],"wp:attachment":[{"href":"http:\/\/arbeitsinitiative-letschin.de\/index.php?rest_route=%2Fwp%2Fv2%2Fmedia&parent=628"}],"wp:term":[{"taxonomy":"category","embeddable":true,"href":"http:\/\/arbeitsinitiative-letschin.de\/index.php?rest_route=%2Fwp%2Fv2%2Fcategories&post=628"},{"taxonomy":"post_tag","embeddable":true,"href":"http:\/\/arbeitsinitiative-letschin.de\/index.php?rest_route=%2Fwp%2Fv2%2Ftags&post=628"}],"curies":[{"name":"wp","href":"https:\/\/api.w.org\/{rel}","templated":true}]}}